{"id":160428,"date":"2026-08-12T16:58:32","date_gmt":"2026-08-12T14:58:32","guid":{"rendered":"https:\/\/powell-software.com\/?p=160428"},"modified":"2026-08-19T15:28:21","modified_gmt":"2026-08-19T13:28:21","slug":"brussels-digital-workplace-conference-2025-2","status":"publish","type":"post","link":"https:\/\/powell-software.com\/fr\/resources\/evenements\/brussels-digital-workplace-conference-2025-2\/","title":{"rendered":"Bruxelles : Digital Workplace Conference 2026"},"content":{"rendered":"<div style=\"font-family: -apple-system,BlinkMacSystemFont,'Lexend',Roboto,'Helvetica Neue',Arial,sans-serif; line-height: 1.7; color: #003c49; font-size: 16.5px;\">\n<p><span style=\"font-size: 42px; font-weight: 800;\">Nous revenons \u00e0 la Digital Workplace Conference Brussels le 22 septembre<\/span><\/p>\n<div style=\"margin-bottom: 40px; padding-bottom: 30px; border-bottom: 1px solid #e0e0e0;\">\n<div style=\"color: #336b74; font-size: 14px;\">3 min de lecture<\/div>\n<\/div>\n<p style=\"margin: 0 0 18px 0;\">Chaque rentr\u00e9e apporte son lot de projets qui reviennent sur la table \u2014 et l&#8217;intranet en fait souvent partie. Cette ann\u00e9e, Powell sera une nouvelle fois pr\u00e9sent \u00e0 la <strong style=\"color: #003c49; font-weight: 600;\">Digital Workplace Conference Brussels<\/strong>, le mardi 22 septembre, \u00e0 l\u2019occasion de sa 9e \u00e9dition. Nous serons \u00e0 SPARKS, en plein c\u0153ur de Bruxelles, pour une journ\u00e9e enti\u00e8re consacr\u00e9e aux intranets, \u00e0 la digital workplace et \u00e0 l&#8217;exp\u00e9rience collaborateur.<\/p>\n<h2 style=\"margin: 40px 0 14px 0; font-size: 30px; line-height: 1.3; font-weight: 800; color: #003c49; border-left: 6px solid #e55393; padding-left: 12px;\">Pourquoi nous revenons chaque ann\u00e9e<\/h2>\n<p style=\"margin: 0 0 18px 0;\">Powell participe \u00e0 cet \u00e9v\u00e9nement depuis plusieurs ann\u00e9es maintenant et, \u00e0 chaque \u00e9dition, les m\u00eames questions reviennent sur notre stand : comment simplifier la gouvernance sans ralentir les \u00e9quipes m\u00e9tier, comment faire vivre un intranet bien apr\u00e8s son lancement, comment se pr\u00e9parer \u00e0 l&#8217;IA sans perdre le contr\u00f4le des contenus.<\/p>\n<div style=\"background: #fff8e1; border-left: 5px solid #ffe350; padding: 18px 22px; border-radius: 8px; margin: 22px 0;\">\n<p style=\"margin: 0;\">Ce sont pr\u00e9cis\u00e9ment les sujets dont nous venons discuter, en personne, autour d&#8217;un caf\u00e9.<\/p>\n<\/div>\n<p style=\"margin: 0 0 18px 0;\">Cette ann\u00e9e, Powell sera pr\u00e9sent aux c\u00f4t\u00e9s de <a href=\"https:\/\/powell-software.com\/fr\/partner\/find-a-partner\/computerland\/\" target=\"_blank\" rel=\"noopener\"><strong style=\"color: #003c49; font-weight: 600;\">Keyes<\/strong><\/a>, un partenaire avec lequel nous accompagnons plusieurs organisations belges dans leur transformation digitale.<\/p>\n<p style=\"text-align: center; margin: 30px 0;\"><a style=\"display: inline-block; background: #ffe350; color: #003c49; padding: 12px 28px; border-radius: 30px; font-weight: 800; text-decoration: none;\" href=\"https:\/\/www.dwbrussels.com\/#signup\" target=\"_blank\" rel=\"noopener\">Prenez vos billets ici<\/a><\/p>\n<h2 style=\"margin: 40px 0 14px 0; font-size: 30px; line-height: 1.3; font-weight: 800; color: #003c49; border-left: 6px solid #e55393; padding-left: 12px;\">Une session \u00e0 noter dans votre agenda : l&#8217;histoire d&#8217;Ethias<\/h2>\n<p style=\"margin: 0 0 18px 0;\">Au-del\u00e0 de notre pr\u00e9sence sur place, une session m\u00e9rite particuli\u00e8rement sa place dans votre agenda : <strong style=\"color: #003c49; font-weight: 600;\">\u00ab Au-del\u00e0 du Go-Live : comment Ethias a transform\u00e9 l&#8217;adoption de son intranet en transformation culturelle \u00bb<\/strong>, le 22 septembre de 15h45 \u00e0 16h25.<\/p>\n<div style=\"background: #ffffff; border: 2px solid #e0e0e0; padding: 24px; border-radius: 10px; margin: 24px 0; box-shadow: 0 2px 8px rgba(0,0,0,0.05);\">\n<h4 style=\"margin: 0 0 8px 0; font-size: 18px; color: #e55393; font-weight: 800;\">L&#8217;histoire d&#8217;Ethias<\/h4>\n<p style=\"margin: 0 0 12px 0;\">Lancer une nouvelle digital workplace est une chose. Faire en sorte que 1 900 collaborateurs l&#8217;adoptent r\u00e9ellement \u2014 et l&#8217;utilisent pour faire vivre les valeurs et les orientations strat\u00e9giques de l&#8217;entreprise \u2014 en est une autre.<\/p>\n<p style=\"margin: 0;\">Lors de cette session, <strong style=\"color: #003c49; font-weight: 600;\">Arnaud Matagne<\/strong>, Responsable Creative Agency &amp; Communication Collaborateurs chez Ethias, reviendra sur cette v\u00e9ritable aventure : d&#8217;un onboarding complexe \u00e0 un go-live r\u00e9ussi, puis d&#8217;utilisateurs passifs \u00e0 une communaut\u00e9 engag\u00e9e. Il partagera ce qui a fonctionn\u00e9, ce qui n&#8217;a pas fonctionn\u00e9 du premier coup, et comment cette compagnie d&#8217;assurance belge utilise son intranet comme un v\u00e9ritable levier de culture et d&#8217;appartenance dans un monde hybride.<\/p>\n<\/div>\n<p style=\"margin: 0 0 18px 0;\"><strong style=\"color: #003c49; font-weight: 600;\">Arnaud sera accompagn\u00e9 de<\/strong> <strong style=\"color: #003c49; font-weight: 600;\">Julie Happart<\/strong> (Keyes) et de <strong style=\"color: #003c49; font-weight: 600;\">Yann Wajsgrus<\/strong> (Powell) pour cette session.<\/p>\n<h2 style=\"margin: 40px 0 14px 0; font-size: 30px; line-height: 1.3; font-weight: 800; color: #003c49; border-left: 6px solid #e55393; padding-left: 12px;\">Ce qui vous attend sur le stand Powell<\/h2>\n<p style=\"margin: 0 0 18px 0;\">Au-del\u00e0 des sessions, nous serons pr\u00e9sents toute la journ\u00e9e sur notre stand avec deux choses concr\u00e8tes \u00e0 emporter :<\/p>\n<ul style=\"padding-left: 24px; margin: 0 0 18px 0;\">\n<li style=\"margin: 8px 0;\">Notre guide, <strong style=\"color: #003c49; font-weight: 600;\">\u00ab <a href=\"https:\/\/landing.powell-software.com\/fr\/checklist-intranet-demo-questions\">12 questions \u00e0 poser \u00e0 tout fournisseur de Digital Workplace avant de signer un contrat<\/a> \u00bb<\/strong> \u2014 utile pour votre prochaine d\u00e9monstration, qu&#8217;elle soit avec nous ou avec un autre fournisseur.<\/li>\n<li style=\"margin: 8px 0;\">Une conversation honn\u00eate sur l&#8217;\u00e9tat r\u00e9el de votre projet, sans discours commercial tout pr\u00e9par\u00e9.<\/li>\n<\/ul>\n<\/div>\n<div style=\"font-family: -apple-system,BlinkMacSystemFont,'Lexend',Roboto,'Helvetica Neue',Arial,sans-serif; line-height: 1.7; color: #003c49; font-size: 16.5px;\">\n<p><span id=\"hs-cta-wrapper-e6c2a40c-7605-4008-b4ce-98d144070faf\" class=\"hs-cta-wrapper\"><span id=\"hs-cta-e6c2a40c-7605-4008-b4ce-98d144070faf\" class=\"hs-cta-node hs-cta-e6c2a40c-7605-4008-b4ce-98d144070faf\"><a href=\"https:\/\/hubspot-cta-redirect-eu1-prod.s3.amazonaws.com\/cta\/redirect\/26290363\/e6c2a40c-7605-4008-b4ce-98d144070faf\" target=\"_blank\" rel=\"noopener\"><img decoding=\"async\" id=\"hs-cta-img-e6c2a40c-7605-4008-b4ce-98d144070faf\" class=\"hs-cta-img aligncenter\" style=\"border-width: 0px;\" src=\"https:\/\/hubspot-no-cache-eu1-prod.s3.amazonaws.com\/cta\/default\/26290363\/e6c2a40c-7605-4008-b4ce-98d144070faf.png\" alt=\"Nouveau call-to-action\" \/><\/a><\/span><script charset=\"utf-8\" src=\"https:\/\/js-eu1.hscta.net\/cta\/current.js\"><\/script><script type=\"text\/javascript\"> hbspt.cta.load(26290363, 'e6c2a40c-7605-4008-b4ce-98d144070faf', {\"useNewLoader\":\"true\",\"region\":\"eu1\"}); <\/script><\/span><\/p>\n<h2 style=\"margin: 40px 0 14px 0; font-size: 30px; line-height: 1.3; font-weight: 800; color: #003c49; border-left: 6px solid #e55393; padding-left: 12px;\">Informations pratiques<\/h2>\n<ul style=\"padding-left: 24px; margin: 0 0 18px 0;\">\n<li style=\"margin: 8px 0;\"><strong style=\"color: #003c49; font-weight: 600;\">Date :<\/strong> Mardi 22 septembre 2026<\/li>\n<li style=\"margin: 8px 0;\"><strong style=\"color: #003c49; font-weight: 600;\">Lieu :<\/strong> SPARKS, Bruxelles<\/li>\n<li style=\"margin: 8px 0;\"><strong style=\"color: #003c49; font-weight: 600;\">Format :<\/strong> l&#8217;agenda complet est <a href=\"https:\/\/www.dwbrussels.com\/#agenda\" target=\"_blank\" rel=\"noopener\">ici<\/a> !<\/li>\n<\/ul>\n<h2 style=\"margin: 40px 0 14px 0; font-size: 30px; line-height: 1.3; font-weight: 800; color: #003c49; border-left: 6px solid #e55393; padding-left: 12px;\">\u00c0 bient\u00f4t !<\/h2>\n<p style=\"margin: 0 0 18px 0;\">Que vous soyez en train de repenser activement votre prochain intranet ou simplement curieux de d\u00e9couvrir comment Ethias a transform\u00e9 l&#8217;adoption de son intranet en v\u00e9ritable projet culturel, cette journ\u00e9e vaut le d\u00e9tour. Inscrivez-vous d\u00e8s maintenant \u00e0 la Digital Workplace Conference Brussels et venez nous dire bonjour sur le stand Powell.<\/p>\n<\/div>\n<h2 style=\"margin: 40px 0 14px 0; font-size: 30px; line-height: 1.3; font-weight: 800; color: #003c49; border-left: 6px solid #e55393; padding-left: 12px;\">\u00c0 propos de la collaboration entre Keyes &amp; Powell :<\/h2>\n<p><iframe loading=\"lazy\" title=\"TechXperience - Capsule Powell\" src=\"https:\/\/player.vimeo.com\/video\/1206061683?h=6fec97041c&amp;dnt=1&amp;app_id=122963\" width=\"500\" height=\"281\" frameborder=\"0\" allow=\"autoplay; fullscreen; picture-in-picture; clipboard-write; encrypted-media; web-share\" referrerpolicy=\"strict-origin-when-cross-origin\"><\/iframe><\/p>\n<div style=\"font-family: 'Lexend', sans-serif; line-height: 1.7; color: #003c49; font-size: 16.5px;\"><\/div>\n<p>&nbsp;<\/p>\n<div style=\"font-family: -apple-system,BlinkMacSystemFont,'Lexend',Roboto,'Helvetica Neue',Arial,sans-serif; line-height: 1.7; color: #003c49; font-size: 16.5px;\"><\/div>\n","protected":false},"excerpt":{"rendered":"<p>Nous revenons \u00e0 la Digital Workplace Conference Brussels le 22 septembre 3 min de lecture Chaque rentr\u00e9e apporte son lot de projets qui reviennent sur &hellip; <a href=\"https:\/\/powell-software.com\/fr\/resources\/evenements\/brussels-digital-workplace-conference-2025-2\/\">Continued<\/a><\/p>\n","protected":false},"author":44,"featured_media":160431,"comment_status":"closed","ping_status":"closed","sticky":false,"template":"","format":"standard","meta":{"_acf_changed":false,"footnotes":""},"categories":[1670],"audiences":[],"interests":[],"products":[],"zones":[1951],"class_list":["post-160428","post","type-post","status-publish","format-standard","has-post-thumbnail","hentry","category-evenements","zones-europe-fr"],"acf":[],"yoast_head":"<!-- This site is optimized with the Yoast SEO plugin v28.2 - https:\/\/yoast.com\/product\/yoast-seo-wordpress\/ -->\n<title>Bruxelles : Digital Workplace Conference 2026 - Powell<\/title>\n<meta name=\"description\" content=\"Come meet with us for the 8th edition of Brussels Digital Workplace Conference. A one-day conference dedicated to your intranet needs.\" \/>\n<meta name=\"robots\" content=\"index, follow, max-snippet:-1, max-image-preview:large, max-video-preview:-1\" \/>\n<link rel=\"canonical\" href=\"https:\/\/powell-software.com\/fr\/resources\/evenements\/brussels-digital-workplace-conference-2025-2\/\" \/>\n<meta property=\"og:locale\" content=\"fr_FR\" \/>\n<meta property=\"og:type\" content=\"article\" \/>\n<meta property=\"og:title\" content=\"Bruxelles : Digital Workplace Conference 2026 - Powell\" \/>\n<meta property=\"og:description\" content=\"Come meet with us for the 8th edition of Brussels Digital Workplace Conference. A one-day conference dedicated to your intranet needs.\" \/>\n<meta property=\"og:url\" content=\"https:\/\/powell-software.com\/fr\/resources\/evenements\/brussels-digital-workplace-conference-2025-2\/\" \/>\n<meta property=\"og:site_name\" content=\"Powell\" \/>\n<meta property=\"article:publisher\" content=\"https:\/\/www.facebook.com\/PowellSoftware\" \/>\n<meta property=\"article:published_time\" content=\"2026-08-12T14:58:32+00:00\" \/>\n<meta property=\"article:modified_time\" content=\"2026-08-19T13:28:21+00:00\" \/>\n<meta property=\"og:image\" content=\"http:\/\/powell-software.com\/wp-content\/uploads\/2026\/08\/iStock-2212182754.jpg\" \/>\n\t<meta property=\"og:image:width\" content=\"724\" \/>\n\t<meta property=\"og:image:height\" content=\"483\" \/>\n\t<meta property=\"og:image:type\" content=\"image\/jpeg\" \/>\n<meta name=\"author\" content=\"Emily Houssier\" \/>\n<meta name=\"twitter:card\" content=\"summary_large_image\" \/>\n<meta name=\"twitter:creator\" content=\"@powellsoftware\" \/>\n<meta name=\"twitter:site\" content=\"@powellsoftware\" \/>\n<meta name=\"twitter:label1\" content=\"Written by\" \/>\n\t<meta name=\"twitter:data1\" content=\"Emily Houssier\" \/>\n\t<meta name=\"twitter:label2\" content=\"Est. reading time\" \/>\n\t<meta name=\"twitter:data2\" content=\"3 minutes\" \/>\n<script type=\"application\/ld+json\" class=\"yoast-schema-graph\">{\"@context\":\"https:\\\/\\\/schema.org\",\"@graph\":[{\"@type\":\"Article\",\"@id\":\"https:\\\/\\\/powell-software.com\\\/fr\\\/resources\\\/evenements\\\/brussels-digital-workplace-conference-2025-2\\\/#article\",\"isPartOf\":{\"@id\":\"https:\\\/\\\/powell-software.com\\\/fr\\\/resources\\\/evenements\\\/brussels-digital-workplace-conference-2025-2\\\/\"},\"author\":{\"name\":\"Emily Houssier\",\"@id\":\"https:\\\/\\\/powell-software.com\\\/fr\\\/#\\\/schema\\\/person\\\/1e2eaf423e2d0b228402e64e566ab160\"},\"headline\":\"Bruxelles : Digital Workplace Conference 2026\",\"datePublished\":\"2026-08-12T14:58:32+00:00\",\"dateModified\":\"2026-08-19T13:28:21+00:00\",\"mainEntityOfPage\":{\"@id\":\"https:\\\/\\\/powell-software.com\\\/fr\\\/resources\\\/evenements\\\/brussels-digital-workplace-conference-2025-2\\\/\"},\"wordCount\":542,\"publisher\":{\"@id\":\"https:\\\/\\\/powell-software.com\\\/fr\\\/#organization\"},\"image\":{\"@id\":\"https:\\\/\\\/powell-software.com\\\/fr\\\/resources\\\/evenements\\\/brussels-digital-workplace-conference-2025-2\\\/#primaryimage\"},\"thumbnailUrl\":\"https:\\\/\\\/powell-software.com\\\/wp-content\\\/uploads\\\/2026\\\/08\\\/iStock-2212182754.jpg\",\"articleSection\":[\"Ev\u00e9nements\"],\"inLanguage\":\"fr-FR\"},{\"@type\":\"WebPage\",\"@id\":\"https:\\\/\\\/powell-software.com\\\/fr\\\/resources\\\/evenements\\\/brussels-digital-workplace-conference-2025-2\\\/\",\"url\":\"https:\\\/\\\/powell-software.com\\\/fr\\\/resources\\\/evenements\\\/brussels-digital-workplace-conference-2025-2\\\/\",\"name\":\"Bruxelles : Digital Workplace Conference 2026 - Powell\",\"isPartOf\":{\"@id\":\"https:\\\/\\\/powell-software.com\\\/fr\\\/#website\"},\"primaryImageOfPage\":{\"@id\":\"https:\\\/\\\/powell-software.com\\\/fr\\\/resources\\\/evenements\\\/brussels-digital-workplace-conference-2025-2\\\/#primaryimage\"},\"image\":{\"@id\":\"https:\\\/\\\/powell-software.com\\\/fr\\\/resources\\\/evenements\\\/brussels-digital-workplace-conference-2025-2\\\/#primaryimage\"},\"thumbnailUrl\":\"https:\\\/\\\/powell-software.com\\\/wp-content\\\/uploads\\\/2026\\\/08\\\/iStock-2212182754.jpg\",\"datePublished\":\"2026-08-12T14:58:32+00:00\",\"dateModified\":\"2026-08-19T13:28:21+00:00\",\"description\":\"Come meet with us for the 8th edition of Brussels Digital Workplace Conference. A one-day conference dedicated to your intranet needs.\",\"breadcrumb\":{\"@id\":\"https:\\\/\\\/powell-software.com\\\/fr\\\/resources\\\/evenements\\\/brussels-digital-workplace-conference-2025-2\\\/#breadcrumb\"},\"inLanguage\":\"fr-FR\",\"potentialAction\":[{\"@type\":\"ReadAction\",\"target\":[\"https:\\\/\\\/powell-software.com\\\/fr\\\/resources\\\/evenements\\\/brussels-digital-workplace-conference-2025-2\\\/\"]}]},{\"@type\":\"ImageObject\",\"inLanguage\":\"fr-FR\",\"@id\":\"https:\\\/\\\/powell-software.com\\\/fr\\\/resources\\\/evenements\\\/brussels-digital-workplace-conference-2025-2\\\/#primaryimage\",\"url\":\"https:\\\/\\\/powell-software.com\\\/wp-content\\\/uploads\\\/2026\\\/08\\\/iStock-2212182754.jpg\",\"contentUrl\":\"https:\\\/\\\/powell-software.com\\\/wp-content\\\/uploads\\\/2026\\\/08\\\/iStock-2212182754.jpg\",\"width\":724,\"height\":483,\"caption\":\"Mont des Arts, or Kunstberg, Mount of the Arts located in Brussels, Belgium\"},{\"@type\":\"BreadcrumbList\",\"@id\":\"https:\\\/\\\/powell-software.com\\\/fr\\\/resources\\\/evenements\\\/brussels-digital-workplace-conference-2025-2\\\/#breadcrumb\",\"itemListElement\":[{\"@type\":\"ListItem\",\"position\":1,\"name\":\"Home\",\"item\":\"https:\\\/\\\/powell-software.com\\\/fr\\\/\"},{\"@type\":\"ListItem\",\"position\":2,\"name\":\"Ev\u00e9nements\",\"item\":\"https:\\\/\\\/powell-software.com\\\/fr\\\/resources\\\/.\\\/evenements\\\/\"},{\"@type\":\"ListItem\",\"position\":3,\"name\":\"Bruxelles : Digital Workplace Conference&hellip;\"}]},{\"@type\":\"WebSite\",\"@id\":\"https:\\\/\\\/powell-software.com\\\/fr\\\/#website\",\"url\":\"https:\\\/\\\/powell-software.com\\\/fr\\\/\",\"name\":\"Powell\",\"description\":\"Intelligent Digital Workplace Suite\",\"publisher\":{\"@id\":\"https:\\\/\\\/powell-software.com\\\/fr\\\/#organization\"},\"potentialAction\":[{\"@type\":\"SearchAction\",\"target\":{\"@type\":\"EntryPoint\",\"urlTemplate\":\"https:\\\/\\\/powell-software.com\\\/fr\\\/?s={search_term_string}\"},\"query-input\":{\"@type\":\"PropertyValueSpecification\",\"valueRequired\":true,\"valueName\":\"search_term_string\"}}],\"inLanguage\":\"fr-FR\"},{\"@type\":\"Organization\",\"@id\":\"https:\\\/\\\/powell-software.com\\\/fr\\\/#organization\",\"name\":\"Powell\",\"url\":\"https:\\\/\\\/powell-software.com\\\/fr\\\/\",\"logo\":{\"@type\":\"ImageObject\",\"inLanguage\":\"fr-FR\",\"@id\":\"https:\\\/\\\/powell-software.com\\\/fr\\\/#\\\/schema\\\/logo\\\/image\\\/\",\"url\":\"https:\\\/\\\/powell-software.com\\\/wp-content\\\/uploads\\\/2025\\\/03\\\/favicon.webp\",\"contentUrl\":\"https:\\\/\\\/powell-software.com\\\/wp-content\\\/uploads\\\/2025\\\/03\\\/favicon.webp\",\"width\":969,\"height\":969,\"caption\":\"Powell\"},\"image\":{\"@id\":\"https:\\\/\\\/powell-software.com\\\/fr\\\/#\\\/schema\\\/logo\\\/image\\\/\"},\"sameAs\":[\"https:\\\/\\\/www.facebook.com\\\/PowellSoftware\",\"https:\\\/\\\/x.com\\\/powellsoftware\",\"https:\\\/\\\/www.youtube.com\\\/channel\\\/UCBX2pfEUCxJQWCKOx9hvv8w\",\"https:\\\/\\\/fr.linkedin.com\\\/company\\\/powell-software\"]},{\"@type\":\"Person\",\"@id\":\"https:\\\/\\\/powell-software.com\\\/fr\\\/#\\\/schema\\\/person\\\/1e2eaf423e2d0b228402e64e566ab160\",\"name\":\"Emily Houssier\",\"image\":{\"@type\":\"ImageObject\",\"inLanguage\":\"fr-FR\",\"@id\":\"https:\\\/\\\/secure.gravatar.com\\\/avatar\\\/9cc711e64c975775aa9cc0c2eb344ac449cbeb892cf09f96d16b8df1677dbdab?s=96&d=mm&r=g\",\"url\":\"https:\\\/\\\/secure.gravatar.com\\\/avatar\\\/9cc711e64c975775aa9cc0c2eb344ac449cbeb892cf09f96d16b8df1677dbdab?s=96&d=mm&r=g\",\"contentUrl\":\"https:\\\/\\\/secure.gravatar.com\\\/avatar\\\/9cc711e64c975775aa9cc0c2eb344ac449cbeb892cf09f96d16b8df1677dbdab?s=96&d=mm&r=g\",\"caption\":\"Emily Houssier\"},\"description\":\"Comme dans \\\"Emily in Paris\\\", Emily s'appelle Emily et vit \u00e0 Paris. La comparaison s\u2019arr\u00eate l\u00e0. Emily poursuit une mission personnelle : rendre la Digital Workplace un peu moins\u2026 digitale. Pour elle, le marketing ne se r\u00e9sume pas au pipeline et \u00e0 la performance ; il s\u2019agit avant tout d\u2019aider les \u00e9quipes \u00e0 r\u00e9ellement se parler, \u00e0 s\u2019aligner autour d\u2019une histoire commune et \u00e0 construire des environnements de travail que l\u2019on a sinc\u00e8rement envie d\u2019utiliser.\",\"sameAs\":[\"https:\\\/\\\/www.linkedin.com\\\/in\\\/emilyhoussier\\\/\"]}]}<\/script>\n<!-- \/ Yoast SEO plugin. -->","yoast_head_json":{"title":"Bruxelles : Digital Workplace Conference 2026 - Powell","description":"Come meet with us for the 8th edition of Brussels Digital Workplace Conference. A one-day conference dedicated to your intranet needs.","robots":{"index":"index","follow":"follow","max-snippet":"max-snippet:-1","max-image-preview":"max-image-preview:large","max-video-preview":"max-video-preview:-1"},"canonical":"https:\/\/powell-software.com\/fr\/resources\/evenements\/brussels-digital-workplace-conference-2025-2\/","og_locale":"fr_FR","og_type":"article","og_title":"Bruxelles : Digital Workplace Conference 2026 - Powell","og_description":"Come meet with us for the 8th edition of Brussels Digital Workplace Conference. A one-day conference dedicated to your intranet needs.","og_url":"https:\/\/powell-software.com\/fr\/resources\/evenements\/brussels-digital-workplace-conference-2025-2\/","og_site_name":"Powell","article_publisher":"https:\/\/www.facebook.com\/PowellSoftware","article_published_time":"2026-08-12T14:58:32+00:00","article_modified_time":"2026-08-19T13:28:21+00:00","og_image":[{"width":724,"height":483,"url":"http:\/\/powell-software.com\/wp-content\/uploads\/2026\/08\/iStock-2212182754.jpg","type":"image\/jpeg"}],"author":"Emily Houssier","twitter_card":"summary_large_image","twitter_creator":"@powellsoftware","twitter_site":"@powellsoftware","twitter_misc":{"Written by":"Emily Houssier","Est. reading time":"3 minutes"},"schema":{"@context":"https:\/\/schema.org","@graph":[{"@type":"Article","@id":"https:\/\/powell-software.com\/fr\/resources\/evenements\/brussels-digital-workplace-conference-2025-2\/#article","isPartOf":{"@id":"https:\/\/powell-software.com\/fr\/resources\/evenements\/brussels-digital-workplace-conference-2025-2\/"},"author":{"name":"Emily Houssier","@id":"https:\/\/powell-software.com\/fr\/#\/schema\/person\/1e2eaf423e2d0b228402e64e566ab160"},"headline":"Bruxelles : Digital Workplace Conference 2026","datePublished":"2026-08-12T14:58:32+00:00","dateModified":"2026-08-19T13:28:21+00:00","mainEntityOfPage":{"@id":"https:\/\/powell-software.com\/fr\/resources\/evenements\/brussels-digital-workplace-conference-2025-2\/"},"wordCount":542,"publisher":{"@id":"https:\/\/powell-software.com\/fr\/#organization"},"image":{"@id":"https:\/\/powell-software.com\/fr\/resources\/evenements\/brussels-digital-workplace-conference-2025-2\/#primaryimage"},"thumbnailUrl":"https:\/\/powell-software.com\/wp-content\/uploads\/2026\/08\/iStock-2212182754.jpg","articleSection":["Ev\u00e9nements"],"inLanguage":"fr-FR"},{"@type":"WebPage","@id":"https:\/\/powell-software.com\/fr\/resources\/evenements\/brussels-digital-workplace-conference-2025-2\/","url":"https:\/\/powell-software.com\/fr\/resources\/evenements\/brussels-digital-workplace-conference-2025-2\/","name":"Bruxelles : Digital Workplace Conference 2026 - Powell","isPartOf":{"@id":"https:\/\/powell-software.com\/fr\/#website"},"primaryImageOfPage":{"@id":"https:\/\/powell-software.com\/fr\/resources\/evenements\/brussels-digital-workplace-conference-2025-2\/#primaryimage"},"image":{"@id":"https:\/\/powell-software.com\/fr\/resources\/evenements\/brussels-digital-workplace-conference-2025-2\/#primaryimage"},"thumbnailUrl":"https:\/\/powell-software.com\/wp-content\/uploads\/2026\/08\/iStock-2212182754.jpg","datePublished":"2026-08-12T14:58:32+00:00","dateModified":"2026-08-19T13:28:21+00:00","description":"Come meet with us for the 8th edition of Brussels Digital Workplace Conference. A one-day conference dedicated to your intranet needs.","breadcrumb":{"@id":"https:\/\/powell-software.com\/fr\/resources\/evenements\/brussels-digital-workplace-conference-2025-2\/#breadcrumb"},"inLanguage":"fr-FR","potentialAction":[{"@type":"ReadAction","target":["https:\/\/powell-software.com\/fr\/resources\/evenements\/brussels-digital-workplace-conference-2025-2\/"]}]},{"@type":"ImageObject","inLanguage":"fr-FR","@id":"https:\/\/powell-software.com\/fr\/resources\/evenements\/brussels-digital-workplace-conference-2025-2\/#primaryimage","url":"https:\/\/powell-software.com\/wp-content\/uploads\/2026\/08\/iStock-2212182754.jpg","contentUrl":"https:\/\/powell-software.com\/wp-content\/uploads\/2026\/08\/iStock-2212182754.jpg","width":724,"height":483,"caption":"Mont des Arts, or Kunstberg, Mount of the Arts located in Brussels, Belgium"},{"@type":"BreadcrumbList","@id":"https:\/\/powell-software.com\/fr\/resources\/evenements\/brussels-digital-workplace-conference-2025-2\/#breadcrumb","itemListElement":[{"@type":"ListItem","position":1,"name":"Home","item":"https:\/\/powell-software.com\/fr\/"},{"@type":"ListItem","position":2,"name":"Ev\u00e9nements","item":"https:\/\/powell-software.com\/fr\/resources\/.\/evenements\/"},{"@type":"ListItem","position":3,"name":"Bruxelles : Digital Workplace Conference&hellip;"}]},{"@type":"WebSite","@id":"https:\/\/powell-software.com\/fr\/#website","url":"https:\/\/powell-software.com\/fr\/","name":"Powell","description":"Intelligent Digital Workplace Suite","publisher":{"@id":"https:\/\/powell-software.com\/fr\/#organization"},"potentialAction":[{"@type":"SearchAction","target":{"@type":"EntryPoint","urlTemplate":"https:\/\/powell-software.com\/fr\/?s={search_term_string}"},"query-input":{"@type":"PropertyValueSpecification","valueRequired":true,"valueName":"search_term_string"}}],"inLanguage":"fr-FR"},{"@type":"Organization","@id":"https:\/\/powell-software.com\/fr\/#organization","name":"Powell","url":"https:\/\/powell-software.com\/fr\/","logo":{"@type":"ImageObject","inLanguage":"fr-FR","@id":"https:\/\/powell-software.com\/fr\/#\/schema\/logo\/image\/","url":"https:\/\/powell-software.com\/wp-content\/uploads\/2025\/03\/favicon.webp","contentUrl":"https:\/\/powell-software.com\/wp-content\/uploads\/2025\/03\/favicon.webp","width":969,"height":969,"caption":"Powell"},"image":{"@id":"https:\/\/powell-software.com\/fr\/#\/schema\/logo\/image\/"},"sameAs":["https:\/\/www.facebook.com\/PowellSoftware","https:\/\/x.com\/powellsoftware","https:\/\/www.youtube.com\/channel\/UCBX2pfEUCxJQWCKOx9hvv8w","https:\/\/fr.linkedin.com\/company\/powell-software"]},{"@type":"Person","@id":"https:\/\/powell-software.com\/fr\/#\/schema\/person\/1e2eaf423e2d0b228402e64e566ab160","name":"Emily Houssier","image":{"@type":"ImageObject","inLanguage":"fr-FR","@id":"https:\/\/secure.gravatar.com\/avatar\/9cc711e64c975775aa9cc0c2eb344ac449cbeb892cf09f96d16b8df1677dbdab?s=96&d=mm&r=g","url":"https:\/\/secure.gravatar.com\/avatar\/9cc711e64c975775aa9cc0c2eb344ac449cbeb892cf09f96d16b8df1677dbdab?s=96&d=mm&r=g","contentUrl":"https:\/\/secure.gravatar.com\/avatar\/9cc711e64c975775aa9cc0c2eb344ac449cbeb892cf09f96d16b8df1677dbdab?s=96&d=mm&r=g","caption":"Emily Houssier"},"description":"Comme dans \"Emily in Paris\", Emily s'appelle Emily et vit \u00e0 Paris. La comparaison s\u2019arr\u00eate l\u00e0. Emily poursuit une mission personnelle : rendre la Digital Workplace un peu moins\u2026 digitale. Pour elle, le marketing ne se r\u00e9sume pas au pipeline et \u00e0 la performance ; il s\u2019agit avant tout d\u2019aider les \u00e9quipes \u00e0 r\u00e9ellement se parler, \u00e0 s\u2019aligner autour d\u2019une histoire commune et \u00e0 construire des environnements de travail que l\u2019on a sinc\u00e8rement envie d\u2019utiliser.","sameAs":["https:\/\/www.linkedin.com\/in\/emilyhoussier\/"]}]}},"_links":{"self":[{"href":"https:\/\/powell-software.com\/fr\/wp-json\/wp\/v2\/posts\/160428","targetHints":{"allow":["GET"]}}],"collection":[{"href":"https:\/\/powell-software.com\/fr\/wp-json\/wp\/v2\/posts"}],"about":[{"href":"https:\/\/powell-software.com\/fr\/wp-json\/wp\/v2\/types\/post"}],"author":[{"embeddable":true,"href":"https:\/\/powell-software.com\/fr\/wp-json\/wp\/v2\/users\/44"}],"replies":[{"embeddable":true,"href":"https:\/\/powell-software.com\/fr\/wp-json\/wp\/v2\/comments?post=160428"}],"version-history":[{"count":4,"href":"https:\/\/powell-software.com\/fr\/wp-json\/wp\/v2\/posts\/160428\/revisions"}],"predecessor-version":[{"id":160867,"href":"https:\/\/powell-software.com\/fr\/wp-json\/wp\/v2\/posts\/160428\/revisions\/160867"}],"wp:featuredmedia":[{"embeddable":true,"href":"https:\/\/powell-software.com\/fr\/wp-json\/wp\/v2\/media\/160431"}],"wp:attachment":[{"href":"https:\/\/powell-software.com\/fr\/wp-json\/wp\/v2\/media?parent=160428"}],"wp:term":[{"taxonomy":"category","embeddable":true,"href":"https:\/\/powell-software.com\/fr\/wp-json\/wp\/v2\/categories?post=160428"},{"taxonomy":"audiences","embeddable":true,"href":"https:\/\/powell-software.com\/fr\/wp-json\/wp\/v2\/audiences?post=160428"},{"taxonomy":"interests","embeddable":true,"href":"https:\/\/powell-software.com\/fr\/wp-json\/wp\/v2\/interests?post=160428"},{"taxonomy":"products","embeddable":true,"href":"https:\/\/powell-software.com\/fr\/wp-json\/wp\/v2\/products?post=160428"},{"taxonomy":"zones","embeddable":true,"href":"https:\/\/powell-software.com\/fr\/wp-json\/wp\/v2\/zones?post=160428"}],"curies":[{"name":"wp","href":"https:\/\/api.w.org\/{rel}","templated":true}]}}